{"id":725,"__str__":"Mo\u00e7\u00e3o de Homenagem n\u00ba 1 de 2026","link_detail_backend":"/materia/725","metadata":{"signs":{"texto_original":{"admin":[],"autores":[["Ivone Aparecida Mendonca Silva",["2026-03-10T14:32:20-03:00","ICP-Brasil"]],["Valdirene Cabrera Mendes",["2026-03-10T14:32:04-03:00","ICP-Brasil"]],["Vanessa Ramos de Oliveira",["2026-03-10T14:32:38-03:00","ICP-Brasil"]]]}}},"numero":1,"ano":2026,"numero_protocolo":71,"data_apresentacao":"2026-03-10","tipo_apresentacao":"E","data_publicacao":null,"numero_origem_externa":"","ano_origem_externa":null,"data_origem_externa":null,"apelido":"","dias_prazo":null,"data_fim_prazo":null,"em_tramitacao":true,"polemica":false,"objeto":"","complementar":false,"ementa":"Mo\u00e7\u00e3o de Aplausos direcionada a Ilustr\u00edssima Dra. Maria Aparecida Avelino, em reconhecimento a sua destacada trajet\u00f3ria profissional e a contribui\u00e7\u00e3o para o fortalecimento da advocacia em nossa cidade e regi\u00e3o.","indexacao":"","observacao":"","resultado":"","texto_original":"http://sapl.joaquimtavora.pr.leg.br/media/sapl/public/materialegislativa/2026/725/mocao_de_aplausos__01-_dra_maria_avelino.pdf","data_ultima_atualizacao":"2026-03-10T15:14:03.759625-03:00","ip":"45.160.238.43","ultima_edicao":"2026-03-10T14:35:21.759945-03:00","tipo":22,"regime_tramitacao":1,"tipo_origem_externa":null,"local_origem_externa":null,"user":14,"anexadas":[],"autores":[8]}