{"id":726,"__str__":"Mo\u00e7\u00e3o de Homenagem n\u00ba 2 de 2026","link_detail_backend":"/materia/726","metadata":{},"numero":2,"ano":2026,"numero_protocolo":72,"data_apresentacao":"2026-03-10","tipo_apresentacao":"E","data_publicacao":null,"numero_origem_externa":"","ano_origem_externa":null,"data_origem_externa":null,"apelido":"","dias_prazo":null,"data_fim_prazo":null,"em_tramitacao":true,"polemica":false,"objeto":"","complementar":false,"ementa":"Mo\u00e7\u00e3o de reconhecimento e agradecimento direcionada ao Centro de Integra\u00e7\u00e3o Empresa-Escola (CIEE), em virtude dos relevantes servi\u00e7os prestados \u00e0 sociedade, especialmente no que se refere \u00e0 promo\u00e7\u00e3o da integra\u00e7\u00e3o entre estudantes institui\u00e7\u00f5es de ensino e o mercado de trabalho.","indexacao":"","observacao":"","resultado":"","texto_original":"http://sapl.joaquimtavora.pr.leg.br/media/sapl/public/materialegislativa/2026/726/mocao_de_aplausos_02_-_ciee.pdf","data_ultima_atualizacao":"2026-03-10T15:14:49.551655-03:00","ip":"45.160.238.43","ultima_edicao":"2026-03-10T14:46:08.885157-03:00","tipo":22,"regime_tramitacao":1,"tipo_origem_externa":null,"local_origem_externa":null,"user":14,"anexadas":[],"autores":[3]}