{"id":739,"__str__":"Requerimento n\u00ba 18 de 2026","link_detail_backend":"/materia/739","metadata":{"signs":{"texto_original":{"admin":[],"autores":[["Benedito Azarias",["2026-03-16T15:53:15-03:00","ICP-Brasil"]]]}}},"numero":18,"ano":2026,"numero_protocolo":84,"data_apresentacao":"2026-03-16","tipo_apresentacao":"E","data_publicacao":null,"numero_origem_externa":"","ano_origem_externa":null,"data_origem_externa":null,"apelido":"","dias_prazo":null,"data_fim_prazo":null,"em_tramitacao":false,"polemica":false,"objeto":"","complementar":false,"ementa":"Para que o Poder Executivo, pelo respectivo setor, informe a esta casa quando ser\u00e3o iniciadas as obras de reforma, especialmente das esquinas, na Av. paran\u00e1, bem como o prazo previsto para execu\u00e7\u00e3o.","indexacao":"","observacao":"","resultado":"","texto_original":"http://sapl.joaquimtavora.pr.leg.br/media/sapl/public/materialegislativa/2026/739/req_18_dito.pdf","data_ultima_atualizacao":"2026-03-17T08:30:22.949775-03:00","ip":"45.160.238.53","ultima_edicao":"2026-03-16T15:56:02.862626-03:00","tipo":1,"regime_tramitacao":1,"tipo_origem_externa":null,"local_origem_externa":null,"user":14,"anexadas":[],"autores":[1]}