{"id":761,"__str__":"Indica\u00e7\u00e3o n\u00ba 39 de 2026","link_detail_backend":"/materia/761","metadata":{"signs":{"texto_original":{"admin":[],"autores":[["Luiz Paulo Correa",["2026-03-30T13:17:54-03:00","ICP-Brasil"]]]}}},"numero":39,"ano":2026,"numero_protocolo":109,"data_apresentacao":"2026-03-30","tipo_apresentacao":"E","data_publicacao":null,"numero_origem_externa":"","ano_origem_externa":null,"data_origem_externa":null,"apelido":"","dias_prazo":null,"data_fim_prazo":null,"em_tramitacao":false,"polemica":false,"objeto":"","complementar":false,"ementa":"Para que o Executivo estude possiblidade de estender os servi\u00e7os de profissionais da ortodontia no per\u00edodo noturno, ao menos duas vezes da semana, no Posto de Sa\u00fade Central, para otimizar o atendimento ao p\u00fablico que trabalha durante o dia.","indexacao":"","observacao":"","resultado":"","texto_original":"http://sapl.joaquimtavora.pr.leg.br/media/sapl/public/materialegislativa/2026/761/ind_39_luiz_paulo.pdf","data_ultima_atualizacao":"2026-03-31T14:32:36.371202-03:00","ip":"45.160.238.223","ultima_edicao":"2026-03-30T13:24:25.208324-03:00","tipo":2,"regime_tramitacao":1,"tipo_origem_externa":null,"local_origem_externa":null,"user":14,"anexadas":[],"autores":[5]}