{"id":763,"__str__":"Projeto de Lei Complementar n\u00ba 2 de 2026","link_detail_backend":"/materia/763","metadata":{"signs":{"texto_original":{"admin":[],"autores":[["Benedito Azarias",["2026-03-31T15:17:41-03:00","ICP-Brasil"]],["Carlos Henrique Castanheira",["2026-03-31T15:18:00-03:00","ICP-Brasil"]]]}}},"numero":2,"ano":2026,"numero_protocolo":111,"data_apresentacao":"2026-03-31","tipo_apresentacao":"E","data_publicacao":null,"numero_origem_externa":"","ano_origem_externa":null,"data_origem_externa":null,"apelido":"","dias_prazo":null,"data_fim_prazo":null,"em_tramitacao":true,"polemica":false,"objeto":"","complementar":false,"ementa":"Disp\u00f5e sobre o reconhecimento do per\u00edodo de suspens\u00e3o da contagem de tempo de servi\u00e7o dos servidores da C\u00e2mara de Vereadores de Joaquim T\u00e1vora, para fins de aquisi\u00e7\u00e3o de direitos remunerat\u00f3rios, e d\u00e1 outras provid\u00eancias.","indexacao":"","observacao":"","resultado":"","texto_original":"http://sapl.joaquimtavora.pr.leg.br/media/sapl/public/materialegislativa/2026/763/pl_retroativos_covid_certo.pdf","data_ultima_atualizacao":"2026-04-27T11:06:32.529690-03:00","ip":"45.160.238.223","ultima_edicao":"2026-03-31T15:20:23.149291-03:00","tipo":5,"regime_tramitacao":1,"tipo_origem_externa":null,"local_origem_externa":null,"user":14,"anexadas":[],"autores":[1]}