{"id":804,"__str__":"Projeto de Lei Ordin\u00e1rio n\u00ba 23 de 2026","link_detail_backend":"/materia/804","metadata":{"signs":{"texto_original":{"admin":[],"autores":[["Vanessa Ramos de Oliveira",["2026-04-28T11:16:04-03:00","ICP-Brasil"]]]}}},"numero":23,"ano":2026,"numero_protocolo":140,"data_apresentacao":"2026-04-28","tipo_apresentacao":"E","data_publicacao":null,"numero_origem_externa":"","ano_origem_externa":null,"data_origem_externa":null,"apelido":"","dias_prazo":null,"data_fim_prazo":null,"em_tramitacao":true,"polemica":false,"objeto":"","complementar":false,"ementa":"Altera a especifica\u00e7\u00e3o/destina\u00e7\u00e3o n\u00ba 06 constante da Emenda Impositiva Individual n\u00ba 08/2025, adicionada \u00e0 Lei Or\u00e7ament\u00e1ria Anual (Lei n\u00ba 1.904/2025), bem como autoriza o remanejamento dos recursos nela previstos.","indexacao":"","observacao":"","resultado":"","texto_original":"http://sapl.joaquimtavora.pr.leg.br/media/sapl/public/materialegislativa/2026/804/projeto_de_lei_23-2026_-_remanejamento_emenda_impositiva_n._08_-_2026_-_vanessa_ramos__-_atual_1.pdf","data_ultima_atualizacao":"2026-04-30T11:57:20.597450-03:00","ip":"45.160.238.223","ultima_edicao":"2026-04-28T13:16:22.761143-03:00","tipo":3,"regime_tramitacao":1,"tipo_origem_externa":null,"local_origem_externa":null,"user":14,"anexadas":[],"autores":[9]}